{"id":69380,"date":"2025-05-19T15:48:06","date_gmt":"2025-05-19T13:48:06","guid":{"rendered":"https:\/\/info.openlane.eu\/?p=69380"},"modified":"2025-05-20T15:01:29","modified_gmt":"2025-05-20T13:01:29","slug":"openlane-travels-across-central-europe-with-roadshow","status":"publish","type":"post","link":"https:\/\/info.openlane.eu\/fr-be\/company-information\/blog\/company-news\/openlane-travels-across-central-europe-with-roadshow\/","title":{"rendered":"OPENLANE parcourt l&rsquo;Europe centrale avec une tourn\u00e9e de pr\u00e9sentation"},"content":{"rendered":"<section class=\"l-section wpb_row height_medium\"><div class=\"l-section-h i-cf\"><div class=\"g-cols vc_row via_grid cols_1 laptops-cols_inherit tablets-cols_inherit mobiles-cols_1 valign_top type_default stacking_default\"><div class=\"wpb_column vc_column_container\"><div class=\"vc_column-inner\"><div class=\"g-cols wpb_row via_grid cols_1 laptops-cols_inherit tablets-cols_inherit mobiles-cols_1 valign_top type_default stacking_default\" style=\"--columns-gap:3rem;\"><div class=\"wpb_column vc_column_container\"><div class=\"vc_column-inner\"><div class=\"wpb_text_column\"><div class=\"wpb_wrapper\"><h1>OPENLANE parcourt l&rsquo;Europe centrale avec une tourn\u00e9e de pr\u00e9sentation<\/h1>\n<\/div><\/div><div class=\"w-separator size_custom\" style=\"height:1rem\"><\/div><time class=\"w-post-elm post_date us_custom_d8432ea1 has_text_color entry-date published\" datetime=\"2025-05-19T15:48:06+02:00\" itemprop=\"datePublished\"><i class=\"far fa-clock\"><\/i>19 Mai 2025<\/time><\/div><\/div><\/div><div class=\"w-separator size_medium\"><\/div><div class=\"g-cols wpb_row via_grid cols_1 laptops-cols_inherit tablets-cols_inherit mobiles-cols_1 valign_top type_default stacking_default\" style=\"--columns-gap:3rem;\"><div class=\"wpb_column vc_column_container\"><div class=\"vc_column-inner\"><div class=\"wpb_text_column\"><div class=\"wpb_wrapper\"><p><strong>En juin prochain, OPENLANE pr\u00e9sentera sa place de march\u00e9 innovante directement aux professionnels de l&rsquo;automobile avec le tr\u00e8s attendu \u00ab OPENLANE On Tour \u00bb. Au cours de trois semaines passionnantes, le bus OPENLANE sillonnera 9 villes de Pologne, de Hongrie et de Roumanie, offrant aux concessionnaires et marchands automobiles, une occasion unique de se rencontrer, d&rsquo;apprendre et de d\u00e9velopper leurs activit\u00e9s. <\/strong><\/p>\n<\/div><\/div><div class=\"w-separator size_medium\"><\/div><\/div><\/div><\/div><div class=\"wpb_text_column\"><div class=\"wpb_wrapper\"><p>Du 3 au 20 juin, le bus OPENLANE prendra la route et visitera pas moins de 9 lieux cl\u00e9s pour une exp\u00e9rience engageante et interactive. \u00c0 chaque arr\u00eat, les participants recevront un soutien pratique, des conseils personnalis\u00e9s et une orientation utile sur la fa\u00e7on dont OPENLANE facilite la vente en gros de v\u00e9hicules d&rsquo;occasion. Qu&rsquo;ils soient nouveaux sur la plateforme ou d\u00e9j\u00e0 exp\u00e9riment\u00e9s, les concessionnaires et les n\u00e9gociants en automobiles obtiendront des renseignements utiles pour am\u00e9liorer leurs strat\u00e9gies de r\u00e9ussite dans l&rsquo;industrie de l&rsquo;automobile.<\/p>\n<\/div><\/div><div class=\"w-separator size_medium\"><\/div><div class=\"g-cols wpb_row via_grid cols_1 laptops-cols_inherit tablets-cols_inherit mobiles-cols_1 valign_top type_default stacking_default\" style=\"--columns-gap:3rem;\"><div class=\"wpb_column vc_column_container\"><div class=\"vc_column-inner\"><div class=\"wpb_text_column\"><div class=\"wpb_wrapper\"><h2><strong>Rencontrer OPENLANE et des pairs de l&rsquo;industrie<\/strong><\/h2>\n<p>Les participants auront l&rsquo;occasion de rencontrer les dirigeants d&rsquo;OPENLANE et les directeurs de comptes, de poser des questions et d&rsquo;obtenir des renseignements pr\u00e9cieux sur la croissance de leur entreprise. En ayant l&rsquo;occasion d&rsquo;interagir avec des pairs de l&rsquo;industrie, les participants peuvent renforcer leurs r\u00e9seaux professionnels et forger des relations qui pourraient mener \u00e0 des occasions futures.<\/p>\n<p><span>\u00a0<\/span><\/p>\n<p>De plus, la visite offre aux participants l&rsquo;avantage unique de fournir une r\u00e9troaction directe \u00e0 l&rsquo;\u00e9quipe d&rsquo;OPENLANE. Les concessionnaires seront encourag\u00e9s \u00e0 partager leurs id\u00e9es, \u00e0 exprimer leurs pr\u00e9occupations et m\u00eame \u00e0 voter sur les suggestions d&rsquo;am\u00e9lioration de la plateforme, afin de s&rsquo;assurer que les besoins et les id\u00e9es de la communaut\u00e9 se refl\u00e8tent dans les d\u00e9veloppements futurs. Tous ceux qui se pr\u00e9senteront auront la chance d&rsquo;obtenir du mat\u00e9riel utile. Personne ne repart les mains vides !<\/p>\n<p><span>\u00a0<\/span><\/p>\n<p>Montez et descendez du bus OPENLANE On Tour ! D\u00e9couvrez toutes les dates et lieux de la tourn\u00e9e OPENLANE <span><a href=\"https:\/\/info.openlane.eu\/en\/openlane-on-tour\/?utm_source=pr&amp;utm_medium=pr&amp;utm_campaign=openlane-on-tour\">ici.<\/a><\/span><\/p>\n<\/div><\/div><div class=\"w-separator size_medium\"><\/div><div class=\"w-image align_none\"><div class=\"w-image-h\"><img decoding=\"async\" width=\"840\" height=\"275\" data-src=\"https:\/\/info.openlane.eu\/wp-content\/uploads\/2025\/05\/OPENLANE-On-Tour_banner.jpg\" class=\"attachment-large size-large lazyload\" alt=\"\" data-srcset=\"https:\/\/info.openlane.eu\/wp-content\/uploads\/2025\/05\/OPENLANE-On-Tour_banner.jpg 840w, https:\/\/info.openlane.eu\/wp-content\/uploads\/2025\/05\/OPENLANE-On-Tour_banner-300x98.jpg 300w\" data-sizes=\"auto, (max-width: 840px) 100vw, 840px\" src=\"data:image\/svg+xml;base64,PHN2ZyB3aWR0aD0iMSIgaGVpZ2h0PSIxIiB4bWxucz0iaHR0cDovL3d3dy53My5vcmcvMjAwMC9zdmciPjwvc3ZnPg==\" style=\"--smush-placeholder-width: 840px; --smush-placeholder-aspect-ratio: 840\/275;\" \/><\/div><\/div><\/div><\/div><\/div><div class=\"w-separator size_medium\"><\/div><div class=\"w-separator size_medium\"><\/div><\/div><\/div><\/div><\/div><\/section>\n","protected":false},"excerpt":{"rendered":"OPENLANE parcourt l&rsquo;Europe centrale avec une tourn\u00e9e de pr\u00e9sentation 19 Mai 2025En juin prochain, OPENLANE pr\u00e9sentera sa place de march\u00e9 innovante directement aux professionnels de l&rsquo;automobile avec le tr\u00e8s attendu \u00ab OPENLANE On Tour \u00bb. Au cours de trois semaines passionnantes, le bus OPENLANE sillonnera 9 villes de Pologne, de Hongrie et de Roumanie, offrant...","protected":false},"author":5,"featured_media":69412,"comment_status":"closed","ping_status":"closed","sticky":false,"template":"","format":"standard","meta":{"_acf_changed":false,"footnotes":""},"categories":[75],"tags":[],"class_list":["post-69380","post","type-post","status-publish","format-standard","has-post-thumbnail","hentry","category-company-news"],"acf":[],"yoast_head":"<!-- This site is optimized with the Yoast SEO Premium plugin v26.9 (Yoast SEO v27.4) - https:\/\/yoast.com\/product\/yoast-seo-premium-wordpress\/ -->\n<title>OPENLANE parcourt l&#039;Europe centrale avec une tourn\u00e9e de pr\u00e9sentation \u2013 OPENLANE<\/title>\n<meta name=\"description\" content=\"OPENLANE On Tour se d\u00e9roule en juin dans 9 villes en Pologne, en Hongrie et en Roumanie, offrant aux professionnels de l\u2019automobile des insights sur le commerce de gros de voitures d\u2019occasion.\" \/>\n<meta name=\"robots\" content=\"index, follow, max-snippet:-1, max-image-preview:large, max-video-preview:-1\" \/>\n<link rel=\"canonical\" href=\"https:\/\/info.openlane.eu\/fr-be\/company-information\/blog\/company-news\/openlane-travels-across-central-europe-with-roadshow\/\" \/>\n<meta property=\"og:locale\" content=\"fr_FR\" \/>\n<meta property=\"og:type\" content=\"article\" \/>\n<meta property=\"og:title\" content=\"OPENLANE parcourt l&#039;Europe centrale avec une tourn\u00e9e de pr\u00e9sentation\" \/>\n<meta property=\"og:description\" content=\"OPENLANE On Tour se d\u00e9roule en juin dans 9 villes en Pologne, en Hongrie et en Roumanie, offrant aux professionnels de l\u2019automobile des insights sur le commerce de gros de voitures d\u2019occasion.\" \/>\n<meta property=\"og:url\" content=\"https:\/\/info.openlane.eu\/fr-be\/company-information\/blog\/company-news\/openlane-travels-across-central-europe-with-roadshow\/\" \/>\n<meta property=\"og:site_name\" content=\"OPENLANE\" \/>\n<meta property=\"article:publisher\" content=\"https:\/\/www.facebook.com\/OPENLANE.Europe\" \/>\n<meta property=\"article:published_time\" content=\"2025-05-19T13:48:06+00:00\" \/>\n<meta property=\"article:modified_time\" content=\"2025-05-20T13:01:29+00:00\" \/>\n<meta property=\"og:image\" content=\"https:\/\/info.openlane.eu\/wp-content\/uploads\/2025\/03\/Untitled-design-21.png\" \/>\n\t<meta property=\"og:image:width\" content=\"368\" \/>\n\t<meta property=\"og:image:height\" content=\"250\" \/>\n\t<meta property=\"og:image:type\" content=\"image\/png\" \/>\n<meta name=\"author\" content=\"Morena.cubelic\" \/>\n<meta name=\"twitter:card\" content=\"summary_large_image\" \/>\n<meta name=\"twitter:creator\" content=\"@OPENLANE_Europe\" \/>\n<meta name=\"twitter:site\" content=\"@OPENLANE_Europe\" \/>\n<meta name=\"twitter:label1\" content=\"\u00c9crit par\" \/>\n\t<meta name=\"twitter:data1\" content=\"Morena.cubelic\" \/>\n\t<meta name=\"twitter:label2\" content=\"Dur\u00e9e de lecture est.\" \/>\n\t<meta name=\"twitter:data2\" content=\"3 minutes\" \/>\n<script type=\"application\/ld+json\" class=\"yoast-schema-graph\">{\"@context\":\"https:\\\/\\\/schema.org\",\"@graph\":[{\"@type\":\"Article\",\"@id\":\"https:\\\/\\\/info.openlane.eu\\\/fr-be\\\/company-information\\\/blog\\\/company-news\\\/openlane-travels-across-central-europe-with-roadshow\\\/#article\",\"isPartOf\":{\"@id\":\"https:\\\/\\\/info.openlane.eu\\\/fr-be\\\/company-information\\\/blog\\\/company-news\\\/openlane-travels-across-central-europe-with-roadshow\\\/\"},\"author\":{\"name\":\"Morena.cubelic\",\"@id\":\"https:\\\/\\\/info.openlane.eu\\\/fr-be\\\/#\\\/schema\\\/person\\\/4371c0dfbc2df1084f870be2a3931990\"},\"headline\":\"OPENLANE parcourt l&rsquo;Europe centrale avec une tourn\u00e9e de pr\u00e9sentation\",\"datePublished\":\"2025-05-19T13:48:06+00:00\",\"dateModified\":\"2025-05-20T13:01:29+00:00\",\"mainEntityOfPage\":{\"@id\":\"https:\\\/\\\/info.openlane.eu\\\/fr-be\\\/company-information\\\/blog\\\/company-news\\\/openlane-travels-across-central-europe-with-roadshow\\\/\"},\"wordCount\":489,\"publisher\":{\"@id\":\"https:\\\/\\\/info.openlane.eu\\\/fr-be\\\/#organization\"},\"image\":{\"@id\":\"https:\\\/\\\/info.openlane.eu\\\/fr-be\\\/company-information\\\/blog\\\/company-news\\\/openlane-travels-across-central-europe-with-roadshow\\\/#primaryimage\"},\"thumbnailUrl\":\"https:\\\/\\\/info.openlane.eu\\\/wp-content\\\/uploads\\\/2025\\\/03\\\/Untitled-design-21.png\",\"articleSection\":[\"Actualit\u00e9s de l'entreprise\"],\"inLanguage\":\"fr-BE\"},{\"@type\":\"WebPage\",\"@id\":\"https:\\\/\\\/info.openlane.eu\\\/fr-be\\\/company-information\\\/blog\\\/company-news\\\/openlane-travels-across-central-europe-with-roadshow\\\/\",\"url\":\"https:\\\/\\\/info.openlane.eu\\\/fr-be\\\/company-information\\\/blog\\\/company-news\\\/openlane-travels-across-central-europe-with-roadshow\\\/\",\"name\":\"OPENLANE parcourt l'Europe centrale avec une tourn\u00e9e de pr\u00e9sentation \u2013 OPENLANE\",\"isPartOf\":{\"@id\":\"https:\\\/\\\/info.openlane.eu\\\/fr-be\\\/#website\"},\"primaryImageOfPage\":{\"@id\":\"https:\\\/\\\/info.openlane.eu\\\/fr-be\\\/company-information\\\/blog\\\/company-news\\\/openlane-travels-across-central-europe-with-roadshow\\\/#primaryimage\"},\"image\":{\"@id\":\"https:\\\/\\\/info.openlane.eu\\\/fr-be\\\/company-information\\\/blog\\\/company-news\\\/openlane-travels-across-central-europe-with-roadshow\\\/#primaryimage\"},\"thumbnailUrl\":\"https:\\\/\\\/info.openlane.eu\\\/wp-content\\\/uploads\\\/2025\\\/03\\\/Untitled-design-21.png\",\"datePublished\":\"2025-05-19T13:48:06+00:00\",\"dateModified\":\"2025-05-20T13:01:29+00:00\",\"description\":\"OPENLANE On Tour se d\u00e9roule en juin dans 9 villes en Pologne, en Hongrie et en Roumanie, offrant aux professionnels de l\u2019automobile des insights sur le commerce de gros de voitures d\u2019occasion.\",\"breadcrumb\":{\"@id\":\"https:\\\/\\\/info.openlane.eu\\\/fr-be\\\/company-information\\\/blog\\\/company-news\\\/openlane-travels-across-central-europe-with-roadshow\\\/#breadcrumb\"},\"inLanguage\":\"fr-BE\",\"potentialAction\":[{\"@type\":\"ReadAction\",\"target\":[\"https:\\\/\\\/info.openlane.eu\\\/fr-be\\\/company-information\\\/blog\\\/company-news\\\/openlane-travels-across-central-europe-with-roadshow\\\/\"]}]},{\"@type\":\"ImageObject\",\"inLanguage\":\"fr-BE\",\"@id\":\"https:\\\/\\\/info.openlane.eu\\\/fr-be\\\/company-information\\\/blog\\\/company-news\\\/openlane-travels-across-central-europe-with-roadshow\\\/#primaryimage\",\"url\":\"https:\\\/\\\/info.openlane.eu\\\/wp-content\\\/uploads\\\/2025\\\/03\\\/Untitled-design-21.png\",\"contentUrl\":\"https:\\\/\\\/info.openlane.eu\\\/wp-content\\\/uploads\\\/2025\\\/03\\\/Untitled-design-21.png\",\"width\":368,\"height\":250},{\"@type\":\"BreadcrumbList\",\"@id\":\"https:\\\/\\\/info.openlane.eu\\\/fr-be\\\/company-information\\\/blog\\\/company-news\\\/openlane-travels-across-central-europe-with-roadshow\\\/#breadcrumb\",\"itemListElement\":[{\"@type\":\"ListItem\",\"position\":1,\"name\":\"Home\",\"item\":\"https:\\\/\\\/info.openlane.eu\\\/fr-be\\\/\"},{\"@type\":\"ListItem\",\"position\":2,\"name\":\"OPENLANE parcourt l&#8217;Europe centrale avec une tourn\u00e9e de pr\u00e9sentation\"}]},{\"@type\":\"WebSite\",\"@id\":\"https:\\\/\\\/info.openlane.eu\\\/fr-be\\\/#website\",\"url\":\"https:\\\/\\\/info.openlane.eu\\\/fr-be\\\/\",\"name\":\"OPENLANE\",\"description\":\"Online used car auction website\",\"publisher\":{\"@id\":\"https:\\\/\\\/info.openlane.eu\\\/fr-be\\\/#organization\"},\"potentialAction\":[{\"@type\":\"SearchAction\",\"target\":{\"@type\":\"EntryPoint\",\"urlTemplate\":\"https:\\\/\\\/info.openlane.eu\\\/fr-be\\\/?s={search_term_string}\"},\"query-input\":{\"@type\":\"PropertyValueSpecification\",\"valueRequired\":true,\"valueName\":\"search_term_string\"}}],\"inLanguage\":\"fr-BE\"},{\"@type\":\"Organization\",\"@id\":\"https:\\\/\\\/info.openlane.eu\\\/fr-be\\\/#organization\",\"name\":\"OPENLANE\",\"url\":\"https:\\\/\\\/info.openlane.eu\\\/fr-be\\\/\",\"logo\":{\"@type\":\"ImageObject\",\"inLanguage\":\"fr-BE\",\"@id\":\"https:\\\/\\\/info.openlane.eu\\\/fr-be\\\/#\\\/schema\\\/logo\\\/image\\\/\",\"url\":\"https:\\\/\\\/info.openlane.eu\\\/wp-content\\\/uploads\\\/2025\\\/12\\\/openlane-RGB-on-Wht.png\",\"contentUrl\":\"https:\\\/\\\/info.openlane.eu\\\/wp-content\\\/uploads\\\/2025\\\/12\\\/openlane-RGB-on-Wht.png\",\"width\":615,\"height\":159,\"caption\":\"OPENLANE\"},\"image\":{\"@id\":\"https:\\\/\\\/info.openlane.eu\\\/fr-be\\\/#\\\/schema\\\/logo\\\/image\\\/\"},\"sameAs\":[\"https:\\\/\\\/www.facebook.com\\\/OPENLANE.Europe\",\"https:\\\/\\\/x.com\\\/OPENLANE_Europe\",\"https:\\\/\\\/www.linkedin.com\\\/company\\\/openlane-europe\",\"https:\\\/\\\/www.instagram.com\\\/openlane_europe\\\/\"],\"description\":\"Our purpose is to make used car wholesale easy so our customers can be more successful. We sell high-quality second-hand vehicles exclusively and directly to car dealers and traders. All cars come with quality car descriptions and inspections. Our digital marketplace is the fresh wave carrying the automotive industry into the digital age. We give car traders more opportunities, more flexibility and more freedom than can be found anywhere else. Our strong commitment to quality and service drives us to continuously improve our offerings to suit the industry\u2019s ever-evolving needs. We aim to be the best and we strive to help our customers do the same. With flexible, modular and end-to-end remarketing solutions, and customer service in more than 20 languages, we offer innovative, tech-driven solutions and services that help customers to buy and sell with ease across Europe.\",\"email\":\"info@openlane.eu\",\"telephone\":\"+32 (0)16 38 00 68\",\"legalName\":\"OPENLANE Europe NV\",\"vatID\":\"BE0867129223\",\"numberOfEmployees\":{\"@type\":\"QuantitativeValue\",\"minValue\":\"201\",\"maxValue\":\"500\"}},{\"@type\":\"Person\",\"@id\":\"https:\\\/\\\/info.openlane.eu\\\/fr-be\\\/#\\\/schema\\\/person\\\/4371c0dfbc2df1084f870be2a3931990\",\"name\":\"Morena.cubelic\"}]}<\/script>\n<!-- \/ Yoast SEO Premium plugin. -->","yoast_head_json":{"title":"OPENLANE parcourt l'Europe centrale avec une tourn\u00e9e de pr\u00e9sentation \u2013 OPENLANE","description":"OPENLANE On Tour se d\u00e9roule en juin dans 9 villes en Pologne, en Hongrie et en Roumanie, offrant aux professionnels de l\u2019automobile des insights sur le commerce de gros de voitures d\u2019occasion.","robots":{"index":"index","follow":"follow","max-snippet":"max-snippet:-1","max-image-preview":"max-image-preview:large","max-video-preview":"max-video-preview:-1"},"canonical":"https:\/\/info.openlane.eu\/fr-be\/company-information\/blog\/company-news\/openlane-travels-across-central-europe-with-roadshow\/","og_locale":"fr_FR","og_type":"article","og_title":"OPENLANE parcourt l'Europe centrale avec une tourn\u00e9e de pr\u00e9sentation","og_description":"OPENLANE On Tour se d\u00e9roule en juin dans 9 villes en Pologne, en Hongrie et en Roumanie, offrant aux professionnels de l\u2019automobile des insights sur le commerce de gros de voitures d\u2019occasion.","og_url":"https:\/\/info.openlane.eu\/fr-be\/company-information\/blog\/company-news\/openlane-travels-across-central-europe-with-roadshow\/","og_site_name":"OPENLANE","article_publisher":"https:\/\/www.facebook.com\/OPENLANE.Europe","article_published_time":"2025-05-19T13:48:06+00:00","article_modified_time":"2025-05-20T13:01:29+00:00","og_image":[{"width":368,"height":250,"url":"https:\/\/info.openlane.eu\/wp-content\/uploads\/2025\/03\/Untitled-design-21.png","type":"image\/png"}],"author":"Morena.cubelic","twitter_card":"summary_large_image","twitter_creator":"@OPENLANE_Europe","twitter_site":"@OPENLANE_Europe","twitter_misc":{"\u00c9crit par":"Morena.cubelic","Dur\u00e9e de lecture est.":"3 minutes"},"schema":{"@context":"https:\/\/schema.org","@graph":[{"@type":"Article","@id":"https:\/\/info.openlane.eu\/fr-be\/company-information\/blog\/company-news\/openlane-travels-across-central-europe-with-roadshow\/#article","isPartOf":{"@id":"https:\/\/info.openlane.eu\/fr-be\/company-information\/blog\/company-news\/openlane-travels-across-central-europe-with-roadshow\/"},"author":{"name":"Morena.cubelic","@id":"https:\/\/info.openlane.eu\/fr-be\/#\/schema\/person\/4371c0dfbc2df1084f870be2a3931990"},"headline":"OPENLANE parcourt l&rsquo;Europe centrale avec une tourn\u00e9e de pr\u00e9sentation","datePublished":"2025-05-19T13:48:06+00:00","dateModified":"2025-05-20T13:01:29+00:00","mainEntityOfPage":{"@id":"https:\/\/info.openlane.eu\/fr-be\/company-information\/blog\/company-news\/openlane-travels-across-central-europe-with-roadshow\/"},"wordCount":489,"publisher":{"@id":"https:\/\/info.openlane.eu\/fr-be\/#organization"},"image":{"@id":"https:\/\/info.openlane.eu\/fr-be\/company-information\/blog\/company-news\/openlane-travels-across-central-europe-with-roadshow\/#primaryimage"},"thumbnailUrl":"https:\/\/info.openlane.eu\/wp-content\/uploads\/2025\/03\/Untitled-design-21.png","articleSection":["Actualit\u00e9s de l'entreprise"],"inLanguage":"fr-BE"},{"@type":"WebPage","@id":"https:\/\/info.openlane.eu\/fr-be\/company-information\/blog\/company-news\/openlane-travels-across-central-europe-with-roadshow\/","url":"https:\/\/info.openlane.eu\/fr-be\/company-information\/blog\/company-news\/openlane-travels-across-central-europe-with-roadshow\/","name":"OPENLANE parcourt l'Europe centrale avec une tourn\u00e9e de pr\u00e9sentation \u2013 OPENLANE","isPartOf":{"@id":"https:\/\/info.openlane.eu\/fr-be\/#website"},"primaryImageOfPage":{"@id":"https:\/\/info.openlane.eu\/fr-be\/company-information\/blog\/company-news\/openlane-travels-across-central-europe-with-roadshow\/#primaryimage"},"image":{"@id":"https:\/\/info.openlane.eu\/fr-be\/company-information\/blog\/company-news\/openlane-travels-across-central-europe-with-roadshow\/#primaryimage"},"thumbnailUrl":"https:\/\/info.openlane.eu\/wp-content\/uploads\/2025\/03\/Untitled-design-21.png","datePublished":"2025-05-19T13:48:06+00:00","dateModified":"2025-05-20T13:01:29+00:00","description":"OPENLANE On Tour se d\u00e9roule en juin dans 9 villes en Pologne, en Hongrie et en Roumanie, offrant aux professionnels de l\u2019automobile des insights sur le commerce de gros de voitures d\u2019occasion.","breadcrumb":{"@id":"https:\/\/info.openlane.eu\/fr-be\/company-information\/blog\/company-news\/openlane-travels-across-central-europe-with-roadshow\/#breadcrumb"},"inLanguage":"fr-BE","potentialAction":[{"@type":"ReadAction","target":["https:\/\/info.openlane.eu\/fr-be\/company-information\/blog\/company-news\/openlane-travels-across-central-europe-with-roadshow\/"]}]},{"@type":"ImageObject","inLanguage":"fr-BE","@id":"https:\/\/info.openlane.eu\/fr-be\/company-information\/blog\/company-news\/openlane-travels-across-central-europe-with-roadshow\/#primaryimage","url":"https:\/\/info.openlane.eu\/wp-content\/uploads\/2025\/03\/Untitled-design-21.png","contentUrl":"https:\/\/info.openlane.eu\/wp-content\/uploads\/2025\/03\/Untitled-design-21.png","width":368,"height":250},{"@type":"BreadcrumbList","@id":"https:\/\/info.openlane.eu\/fr-be\/company-information\/blog\/company-news\/openlane-travels-across-central-europe-with-roadshow\/#breadcrumb","itemListElement":[{"@type":"ListItem","position":1,"name":"Home","item":"https:\/\/info.openlane.eu\/fr-be\/"},{"@type":"ListItem","position":2,"name":"OPENLANE parcourt l&#8217;Europe centrale avec une tourn\u00e9e de pr\u00e9sentation"}]},{"@type":"WebSite","@id":"https:\/\/info.openlane.eu\/fr-be\/#website","url":"https:\/\/info.openlane.eu\/fr-be\/","name":"OPENLANE","description":"Online used car auction website","publisher":{"@id":"https:\/\/info.openlane.eu\/fr-be\/#organization"},"potentialAction":[{"@type":"SearchAction","target":{"@type":"EntryPoint","urlTemplate":"https:\/\/info.openlane.eu\/fr-be\/?s={search_term_string}"},"query-input":{"@type":"PropertyValueSpecification","valueRequired":true,"valueName":"search_term_string"}}],"inLanguage":"fr-BE"},{"@type":"Organization","@id":"https:\/\/info.openlane.eu\/fr-be\/#organization","name":"OPENLANE","url":"https:\/\/info.openlane.eu\/fr-be\/","logo":{"@type":"ImageObject","inLanguage":"fr-BE","@id":"https:\/\/info.openlane.eu\/fr-be\/#\/schema\/logo\/image\/","url":"https:\/\/info.openlane.eu\/wp-content\/uploads\/2025\/12\/openlane-RGB-on-Wht.png","contentUrl":"https:\/\/info.openlane.eu\/wp-content\/uploads\/2025\/12\/openlane-RGB-on-Wht.png","width":615,"height":159,"caption":"OPENLANE"},"image":{"@id":"https:\/\/info.openlane.eu\/fr-be\/#\/schema\/logo\/image\/"},"sameAs":["https:\/\/www.facebook.com\/OPENLANE.Europe","https:\/\/x.com\/OPENLANE_Europe","https:\/\/www.linkedin.com\/company\/openlane-europe","https:\/\/www.instagram.com\/openlane_europe\/"],"description":"Our purpose is to make used car wholesale easy so our customers can be more successful. We sell high-quality second-hand vehicles exclusively and directly to car dealers and traders. All cars come with quality car descriptions and inspections. Our digital marketplace is the fresh wave carrying the automotive industry into the digital age. We give car traders more opportunities, more flexibility and more freedom than can be found anywhere else. Our strong commitment to quality and service drives us to continuously improve our offerings to suit the industry\u2019s ever-evolving needs. We aim to be the best and we strive to help our customers do the same. With flexible, modular and end-to-end remarketing solutions, and customer service in more than 20 languages, we offer innovative, tech-driven solutions and services that help customers to buy and sell with ease across Europe.","email":"info@openlane.eu","telephone":"+32 (0)16 38 00 68","legalName":"OPENLANE Europe NV","vatID":"BE0867129223","numberOfEmployees":{"@type":"QuantitativeValue","minValue":"201","maxValue":"500"}},{"@type":"Person","@id":"https:\/\/info.openlane.eu\/fr-be\/#\/schema\/person\/4371c0dfbc2df1084f870be2a3931990","name":"Morena.cubelic"}]}},"_links":{"self":[{"href":"https:\/\/info.openlane.eu\/fr-be\/wp-json\/wp\/v2\/posts\/69380","targetHints":{"allow":["GET"]}}],"collection":[{"href":"https:\/\/info.openlane.eu\/fr-be\/wp-json\/wp\/v2\/posts"}],"about":[{"href":"https:\/\/info.openlane.eu\/fr-be\/wp-json\/wp\/v2\/types\/post"}],"author":[{"embeddable":true,"href":"https:\/\/info.openlane.eu\/fr-be\/wp-json\/wp\/v2\/users\/5"}],"replies":[{"embeddable":true,"href":"https:\/\/info.openlane.eu\/fr-be\/wp-json\/wp\/v2\/comments?post=69380"}],"version-history":[{"count":4,"href":"https:\/\/info.openlane.eu\/fr-be\/wp-json\/wp\/v2\/posts\/69380\/revisions"}],"predecessor-version":[{"id":69433,"href":"https:\/\/info.openlane.eu\/fr-be\/wp-json\/wp\/v2\/posts\/69380\/revisions\/69433"}],"wp:featuredmedia":[{"embeddable":true,"href":"https:\/\/info.openlane.eu\/fr-be\/wp-json\/wp\/v2\/media\/69412"}],"wp:attachment":[{"href":"https:\/\/info.openlane.eu\/fr-be\/wp-json\/wp\/v2\/media?parent=69380"}],"wp:term":[{"taxonomy":"category","embeddable":true,"href":"https:\/\/info.openlane.eu\/fr-be\/wp-json\/wp\/v2\/categories?post=69380"},{"taxonomy":"post_tag","embeddable":true,"href":"https:\/\/info.openlane.eu\/fr-be\/wp-json\/wp\/v2\/tags?post=69380"}],"curies":[{"name":"wp","href":"https:\/\/api.w.org\/{rel}","templated":true}]}}